{"id":586,"date":"2024-08-28T08:19:19","date_gmt":"2024-08-28T07:19:19","guid":{"rendered":"https:\/\/cdu-beindersheim.de\/?p=586"},"modified":"2024-08-28T08:19:20","modified_gmt":"2024-08-28T07:19:20","slug":"buecherschrank-im-rathausweg","status":"publish","type":"post","link":"https:\/\/cdu-beindersheim.de\/?p=586","title":{"rendered":"B\u00fccherschrank im Rathausweg"},"content":{"rendered":"<div class=\"wp-block core-paragraph\"><div class=\"container\">\n<p>Liebe Beindersheimerinnen und Beindersheimer,<\/p>\n<\/div><\/div>\n\n<div class=\"wp-block core-paragraph\"><div class=\"container\">\n<p>wir haben gute Nachrichten f\u00fcr alle B\u00fccherfreunde! <img loading=\"lazy\" decoding=\"async\" height=\"16\" width=\"16\" alt=\"\ud83c\udf1f\" src=\"https:\/\/static.xx.fbcdn.net\/images\/emoji.php\/v9\/te0\/1\/16\/1f31f.png\"> In der heutigen Gemeinderatssitzung haben wir einen Antrag eingebracht, damit der bereits geplante B\u00fccherschrank im neu gestalteten Rathausweg endlich errichtet wird. <img loading=\"lazy\" decoding=\"async\" height=\"16\" width=\"16\" alt=\"\ud83d\udcda\" src=\"https:\/\/static.xx.fbcdn.net\/images\/emoji.php\/v9\/t49\/1\/16\/1f4da.png\"><\/p>\n<\/div><\/div>\n\n<div class=\"wp-block core-paragraph\"><div class=\"container\">\n<p>Das erste Material ist bereits bestellt, und der Bauhof wird den Umbau im kommenden Winterhalbjahr \u00fcbernehmen. Ein gro\u00dfes Dankesch\u00f6n an die Mitarbeiter des Bauhofs f\u00fcr ihren Einsatz und an die \u00fcbrigen Fraktionen im Gemeinderat f\u00fcr die Unterst\u00fctzung unseres Antrags! <img loading=\"lazy\" decoding=\"async\" height=\"16\" width=\"16\" alt=\"\ud83d\udcaa\" src=\"https:\/\/static.xx.fbcdn.net\/images\/emoji.php\/v9\/t6c\/1\/16\/1f4aa.png\"><\/p>\n<\/div><\/div>\n\n<div class=\"wp-block core-paragraph\"><div class=\"container\">\n<p>Wir freuen uns darauf, schon bald einen neuen Treffpunkt f\u00fcr alle B\u00fccherfreunde in Beindersheim zu schaffen.<\/p>\n<\/div><\/div>\n\n<div class=\"wp-block core-paragraph\"><div class=\"container\">\n<p>Wir halten euch auf dem Laufenden und hoffen auf eure Unterst\u00fctzung!<\/p>\n<\/div><\/div>","protected":false},"excerpt":{"rendered":"<p>Liebe Beindersheimerinnen und Beindersheimer, wir haben gute Nachrichten f\u00fcr alle B\u00fccherfreunde! In der heutigen Gemeinderatssitzung haben wir einen Antrag eingebracht, damit der bereits geplante B\u00fccherschrank <a href=\"https:\/\/cdu-beindersheim.de\/?p=586\">&hellip;<\/a><\/p>\n","protected":false},"author":1,"featured_media":587,"comment_status":"closed","ping_status":"closed","sticky":false,"template":"","format":"standard","meta":{"_acf_changed":false,"footnotes":""},"categories":[10,8],"tags":[33],"class_list":["post-586","post","type-post","status-publish","format-standard","has-post-thumbnail","hentry","category-aktuelles","category-fraktion","tag-fuerbeindersheim"],"acf":[],"_links":{"self":[{"href":"https:\/\/cdu-beindersheim.de\/index.php?rest_route=\/wp\/v2\/posts\/586","targetHints":{"allow":["GET"]}}],"collection":[{"href":"https:\/\/cdu-beindersheim.de\/index.php?rest_route=\/wp\/v2\/posts"}],"about":[{"href":"https:\/\/cdu-beindersheim.de\/index.php?rest_route=\/wp\/v2\/types\/post"}],"author":[{"embeddable":true,"href":"https:\/\/cdu-beindersheim.de\/index.php?rest_route=\/wp\/v2\/users\/1"}],"replies":[{"embeddable":true,"href":"https:\/\/cdu-beindersheim.de\/index.php?rest_route=%2Fwp%2Fv2%2Fcomments&post=586"}],"version-history":[{"count":1,"href":"https:\/\/cdu-beindersheim.de\/index.php?rest_route=\/wp\/v2\/posts\/586\/revisions"}],"predecessor-version":[{"id":588,"href":"https:\/\/cdu-beindersheim.de\/index.php?rest_route=\/wp\/v2\/posts\/586\/revisions\/588"}],"wp:featuredmedia":[{"embeddable":true,"href":"https:\/\/cdu-beindersheim.de\/index.php?rest_route=\/wp\/v2\/media\/587"}],"wp:attachment":[{"href":"https:\/\/cdu-beindersheim.de\/index.php?rest_route=%2Fwp%2Fv2%2Fmedia&parent=586"}],"wp:term":[{"taxonomy":"category","embeddable":true,"href":"https:\/\/cdu-beindersheim.de\/index.php?rest_route=%2Fwp%2Fv2%2Fcategories&post=586"},{"taxonomy":"post_tag","embeddable":true,"href":"https:\/\/cdu-beindersheim.de\/index.php?rest_route=%2Fwp%2Fv2%2Ftags&post=586"}],"curies":[{"name":"wp","href":"https:\/\/api.w.org\/{rel}","templated":true}]}}