{"id":579,"date":"2024-08-28T07:49:33","date_gmt":"2024-08-28T06:49:33","guid":{"rendered":"https:\/\/cdu-beindersheim.de\/?p=579"},"modified":"2024-08-28T08:09:34","modified_gmt":"2024-08-28T07:09:34","slug":"rueckblick-kommunalwahl-2024","status":"publish","type":"post","link":"https:\/\/cdu-beindersheim.de\/?p=579","title":{"rendered":"R\u00fcckblick Kommunalwahl 2024"},"content":{"rendered":"<div class=\"wp-block core-paragraph\"><div class=\"container\">\n<p>Liebe B\u00fcrgerinnen und B\u00fcrger,<\/p>\n<\/div><\/div>\n\n<div class=\"wp-block core-paragraph\"><div class=\"container\">\n<p>vor wenigen Monaten hatten Sie die M\u00f6glichkeit das neu aufgestellte Team der CDU Beindersheim f\u00fcr den Gemeinderat zu w\u00e4hlen.<\/p>\n<\/div><\/div>\n\n<div class=\"wp-block core-paragraph\"><div class=\"container\">\n<p><strong>Wir m\u00f6chten allen W\u00e4hlerinnen und W\u00e4hlern f\u00fcr ihr Vertrauen danken.<\/strong><\/p>\n<\/div><\/div>\n\n<div class=\"wp-block core-paragraph\"><div class=\"container\">\n<p>Auch wenn das Ergebnis der Wahl f\u00fcr uns recht entt\u00e4uschend ausfiel und wir wenige W\u00e4hlerstimmen gewinnen konnten, werden wir uns nicht entmutigen lassen.<\/p>\n<\/div><\/div>\n\n<div class=\"wp-block core-paragraph\"><div class=\"container\">\n<p> Es ist uns wichtig, gemeinsam nach vorne zu blicken und das Beste f\u00fcr unsere Gemeinde zu erreichen.<\/p>\n<\/div><\/div>\n\n<div class=\"wp-block core-paragraph\"><div class=\"container\">\n<p><strong>Einladung zur aktiven Teilnahme<\/strong><\/p>\n<\/div><\/div>\n\n<div class=\"wp-block core-paragraph\"><div class=\"container\">\n<p>Wir laden Sie herzlich ein, sich mit uns bei unserem Stammtisch am letzten Freitag im Monat auszutauschen. N\u00e4here Informationen hierzu finden Sie im Amtsblatt oder auf unseren Social-Media-Kan\u00e4len.<\/p>\n<\/div><\/div>\n\n<div class=\"wp-block core-paragraph\"><div class=\"container\">\n<p>Oder m\u00f6chten Sie sich auch l\u00e4ngerfristig in unserem sch\u00f6nen Ort politisch engagieren und sich in die Entwicklung Beindersheims aktiv einbringen?<\/p>\n<\/div><\/div>\n\n<div class=\"wp-block core-paragraph\"><div class=\"container\">\n<p>Dann kommen Sie doch, nach vorheriger Anmeldung, bei unserer Fraktionssitzung vorbei. Diese findet jeden dritten Montag im Monat um 19.00 Uhr in der Seniorenstube (Schenkelstra\u00dfe 1) statt.<\/p>\n<\/div><\/div>\n\n<div class=\"wp-block core-paragraph\"><div class=\"container\">\n<p>Denn Demokratie lebt vom Mitmachen, und Ihre Meinung und Ihr Engagement sind uns wichtig.<\/p>\n<\/div><\/div>","protected":false},"excerpt":{"rendered":"<p>Liebe B\u00fcrgerinnen und B\u00fcrger, vor wenigen Monaten hatten Sie die M\u00f6glichkeit das neu aufgestellte Team der CDU Beindersheim f\u00fcr den Gemeinderat zu w\u00e4hlen. Wir m\u00f6chten <a href=\"https:\/\/cdu-beindersheim.de\/?p=579\">&hellip;<\/a><\/p>\n","protected":false},"author":1,"featured_media":581,"comment_status":"closed","ping_status":"closed","sticky":false,"template":"","format":"standard","meta":{"_acf_changed":false,"footnotes":""},"categories":[10],"tags":[33,28],"class_list":["post-579","post","type-post","status-publish","format-standard","has-post-thumbnail","hentry","category-aktuelles","tag-fuerbeindersheim","tag-kommunalwahl-2024"],"acf":[],"_links":{"self":[{"href":"https:\/\/cdu-beindersheim.de\/index.php?rest_route=\/wp\/v2\/posts\/579","targetHints":{"allow":["GET"]}}],"collection":[{"href":"https:\/\/cdu-beindersheim.de\/index.php?rest_route=\/wp\/v2\/posts"}],"about":[{"href":"https:\/\/cdu-beindersheim.de\/index.php?rest_route=\/wp\/v2\/types\/post"}],"author":[{"embeddable":true,"href":"https:\/\/cdu-beindersheim.de\/index.php?rest_route=\/wp\/v2\/users\/1"}],"replies":[{"embeddable":true,"href":"https:\/\/cdu-beindersheim.de\/index.php?rest_route=%2Fwp%2Fv2%2Fcomments&post=579"}],"version-history":[{"count":2,"href":"https:\/\/cdu-beindersheim.de\/index.php?rest_route=\/wp\/v2\/posts\/579\/revisions"}],"predecessor-version":[{"id":584,"href":"https:\/\/cdu-beindersheim.de\/index.php?rest_route=\/wp\/v2\/posts\/579\/revisions\/584"}],"wp:featuredmedia":[{"embeddable":true,"href":"https:\/\/cdu-beindersheim.de\/index.php?rest_route=\/wp\/v2\/media\/581"}],"wp:attachment":[{"href":"https:\/\/cdu-beindersheim.de\/index.php?rest_route=%2Fwp%2Fv2%2Fmedia&parent=579"}],"wp:term":[{"taxonomy":"category","embeddable":true,"href":"https:\/\/cdu-beindersheim.de\/index.php?rest_route=%2Fwp%2Fv2%2Fcategories&post=579"},{"taxonomy":"post_tag","embeddable":true,"href":"https:\/\/cdu-beindersheim.de\/index.php?rest_route=%2Fwp%2Fv2%2Ftags&post=579"}],"curies":[{"name":"wp","href":"https:\/\/api.w.org\/{rel}","templated":true}]}}