{"id":358,"date":"2021-08-07T19:01:00","date_gmt":"2021-08-07T18:01:00","guid":{"rendered":"https:\/\/cdubeindersheim.live-website.com\/?p=358"},"modified":"2021-12-22T19:19:10","modified_gmt":"2021-12-22T18:19:10","slug":"gehspraech-mit-christian-baldauf","status":"publish","type":"post","link":"https:\/\/cdu-beindersheim.de\/?p=358","title":{"rendered":"GEHspr\u00e4ch mit Christian Baldauf"},"content":{"rendered":"<div class=\"wp-block core-paragraph\"><div class=\"container\">\n<p>Am Samstag-Vormittag erm\u00f6glichte die Beindersheimer CDU den B\u00fcrgern ein GEHspr\u00e4ch zu aktuellen Themen. Auf der Liste standen die Gartenanlagen am Bobenheimer Weg, der L\u00e4rm der beiden Autobahnen und der Durchgangsverkehr.<\/p>\n<\/div><\/div>\n\n<div class=\"wp-block core-paragraph\"><div class=\"container\">\n<p>Eingeladen hatte der \u00f6rtliche Landtagsabgeordnete Christian Baldauf. Als Experten brachte er den Landrat des Rhein-Pfalz-Kreises, Clemens K\u00f6rner (CDU) und den Bundestagsabgeordnete Torbj\u00f6rn Kartes mit. Aus der Verbandsgemeinde kam der 1. Beigeordnete Willi Boxheimer. Die CDU Beindersheim war durch den neuen Vorsitzenden Markus Theobald und den Fraktionsvorsitzenden Rainer Zotz vertreten.<\/p>\n<\/div><\/div>\n\n<div class=\"wp-block core-paragraph\"><div class=\"container\">\n<p>Beim Streit um die Gartenanlagen zeigte der Landrat der Ortsgemeinde und den Betroffenen einen L\u00f6sungsweg auf. Der Kreis w\u00fcrde die gegenw\u00e4rtige Situation dulden und Zeit f\u00fcr eine einvernehmliche L\u00f6sung einr\u00e4umen. Dazu m\u00fcsse die Ortsgemeinde einen Bebauungsplan aufstellen, die Verbandsgemeinde diesen vollziehen und dann w\u00e4re der Kreis nicht mehr involviert. <\/p>\n<\/div><\/div>\n\n<div class=\"wp-block core-paragraph\"><div class=\"container\">\n<p>Bei der Situation am Kreuzungspunkt von A6 und A61 kann der starke L\u00e4rm, der je nach Windrichtung Beindersheim belastet, nur durch L\u00e4rmschutzma\u00dfnahmen einged\u00e4mmt werden. Baldauf betonte, dass die Methode den L\u00e4rm nur zu berechnen nicht mehr zeitgem\u00e4\u00df sei und man stattdessen Messungen vornehmen m\u00fcsse. Hier sei der Bund gefordert.<\/p>\n<\/div><\/div>\n\n<div class=\"wp-block core-paragraph\"><div class=\"container\">\n<p>Bei der Ortsdurchfahrt ist die Gefahrenstelle die S-Kurve in der Ortsmitte am Rathaus. Hier hatte der Landesbetrieb Mobilit\u00e4t (LBM) eine Verkehrsz\u00e4hlung versprochen. Die B\u00fcrgersteige sind im Bereich der S-Kurve zu schmal und Menschen im Rollstuhl oder mit Rollator k\u00f6nnen den Bereich nicht sicher passieren. Fraktionsvorsitzender Zotz schl\u00e4gt vor Tempo 30 einzuf\u00fchren, eine kurzfristig umzusetzende Ma\u00dfnahme. Mittelfristig m\u00fcssen die B\u00fcrgersteige im Bereich der S-Kurve verbreitert werden. Zusammen mit den LBMs in Worms und Speyer m\u00fcsse ein Durchfahrtsverbot f\u00fcr Lkw umgesetzt werden. Hier sei eine weitr\u00e4umige Verkehrslenkung notwendig. <\/p>\n<\/div><\/div>\n\n<div class=\"wp-block core-paragraph\"><div class=\"container\">\n<p>Rainer Zotz sprach auch den desolaten Radweg Richtung Frankenthal an. Der mit einer Breite von 1,50 Metern nicht mehr dem Standard entspricht. Der Wunsch der CDU-Fraktion ist eine Verbreiterung auf 2,50 Meter und ein an die Br\u00fccke \u00fcber die A61 angeschlossener Rad\u00fcberweg. <\/p>\n<\/div><\/div>","protected":false},"excerpt":{"rendered":"<p>Am Samstag-Vormittag erm\u00f6glichte die Beindersheimer CDU den B\u00fcrgern ein GEHspr\u00e4ch zu aktuellen Themen. Auf der Liste standen die Gartenanlagen am Bobenheimer Weg, der L\u00e4rm der <a href=\"https:\/\/cdu-beindersheim.de\/?p=358\">&hellip;<\/a><\/p>\n","protected":false},"author":1,"featured_media":359,"comment_status":"closed","ping_status":"closed","sticky":false,"template":"","format":"standard","meta":{"_acf_changed":false,"footnotes":""},"categories":[10],"tags":[19,20,18],"class_list":["post-358","post","type-post","status-publish","format-standard","has-post-thumbnail","hentry","category-aktuelles","tag-dorfentwicklung","tag-raumplanung","tag-verkehr"],"acf":[],"_links":{"self":[{"href":"https:\/\/cdu-beindersheim.de\/index.php?rest_route=\/wp\/v2\/posts\/358","targetHints":{"allow":["GET"]}}],"collection":[{"href":"https:\/\/cdu-beindersheim.de\/index.php?rest_route=\/wp\/v2\/posts"}],"about":[{"href":"https:\/\/cdu-beindersheim.de\/index.php?rest_route=\/wp\/v2\/types\/post"}],"author":[{"embeddable":true,"href":"https:\/\/cdu-beindersheim.de\/index.php?rest_route=\/wp\/v2\/users\/1"}],"replies":[{"embeddable":true,"href":"https:\/\/cdu-beindersheim.de\/index.php?rest_route=%2Fwp%2Fv2%2Fcomments&post=358"}],"version-history":[{"count":1,"href":"https:\/\/cdu-beindersheim.de\/index.php?rest_route=\/wp\/v2\/posts\/358\/revisions"}],"predecessor-version":[{"id":360,"href":"https:\/\/cdu-beindersheim.de\/index.php?rest_route=\/wp\/v2\/posts\/358\/revisions\/360"}],"wp:featuredmedia":[{"embeddable":true,"href":"https:\/\/cdu-beindersheim.de\/index.php?rest_route=\/wp\/v2\/media\/359"}],"wp:attachment":[{"href":"https:\/\/cdu-beindersheim.de\/index.php?rest_route=%2Fwp%2Fv2%2Fmedia&parent=358"}],"wp:term":[{"taxonomy":"category","embeddable":true,"href":"https:\/\/cdu-beindersheim.de\/index.php?rest_route=%2Fwp%2Fv2%2Fcategories&post=358"},{"taxonomy":"post_tag","embeddable":true,"href":"https:\/\/cdu-beindersheim.de\/index.php?rest_route=%2Fwp%2Fv2%2Ftags&post=358"}],"curies":[{"name":"wp","href":"https:\/\/api.w.org\/{rel}","templated":true}]}}