{"id":356,"date":"2021-07-17T09:49:00","date_gmt":"2021-07-17T08:49:00","guid":{"rendered":"https:\/\/cdubeindersheim.live-website.com\/?p=356"},"modified":"2021-12-22T19:40:43","modified_gmt":"2021-12-22T18:40:43","slug":"neuwahl-des-vorstandes","status":"publish","type":"post","link":"https:\/\/cdu-beindersheim.de\/?p=356","title":{"rendered":"Neuwahl des Vorstandes"},"content":{"rendered":"<div class=\"wp-block core-paragraph\"><div class=\"container\">\n<p>Bei der Mitgliederversammlung am 16. Juli 2021 wurde ein neuer Vorsitzender gew\u00e4hlt. Markus Theobald (42) wurde einstimmig von der Versammlung berufen. Ebenfalls einstimmig wurde Jens Richter (37) zu seinem Stellvertreter gew\u00e4hlt.<\/p>\n<\/div><\/div>\n\n<div class=\"wp-block core-paragraph\"><div class=\"container\">\n<p>Der bisherige Vorsitzende Manfred Doppler trat aus Altersgr\u00fcnden nicht mehr an und hatte die Verj\u00fcngung angesto\u00dfen. Ebenfalls hatte seine Stellvertreterin, Sabrina Becker-Voll, aus pers\u00f6nlichen Gr\u00fcnden ihr Amt niedergelegt.<\/p>\n<\/div><\/div>\n\n<div class=\"wp-block core-paragraph\"><div class=\"container\">\n<p>Der scheidende Vorsitzende wechselte ins Amt des Mitgliederbeauftragten, der f\u00fcr die Werbung neuer Mitglieder zust\u00e4ndig ist.<\/p>\n<\/div><\/div>","protected":false},"excerpt":{"rendered":"<p>Bei der Mitgliederversammlung am 16. Juli 2021 wurde ein neuer Vorsitzender gew\u00e4hlt. Markus Theobald (42) wurde einstimmig von der Versammlung berufen. Ebenfalls einstimmig wurde Jens <a href=\"https:\/\/cdu-beindersheim.de\/?p=356\">&hellip;<\/a><\/p>\n","protected":false},"author":1,"featured_media":214,"comment_status":"closed","ping_status":"closed","sticky":false,"template":"","format":"standard","meta":{"_acf_changed":false,"footnotes":""},"categories":[10],"tags":[17,15,16],"class_list":["post-356","post","type-post","status-publish","format-standard","has-post-thumbnail","hentry","category-aktuelles","tag-mitgliederversammlung","tag-ortsverband","tag-vorstand"],"acf":[],"_links":{"self":[{"href":"https:\/\/cdu-beindersheim.de\/index.php?rest_route=\/wp\/v2\/posts\/356","targetHints":{"allow":["GET"]}}],"collection":[{"href":"https:\/\/cdu-beindersheim.de\/index.php?rest_route=\/wp\/v2\/posts"}],"about":[{"href":"https:\/\/cdu-beindersheim.de\/index.php?rest_route=\/wp\/v2\/types\/post"}],"author":[{"embeddable":true,"href":"https:\/\/cdu-beindersheim.de\/index.php?rest_route=\/wp\/v2\/users\/1"}],"replies":[{"embeddable":true,"href":"https:\/\/cdu-beindersheim.de\/index.php?rest_route=%2Fwp%2Fv2%2Fcomments&post=356"}],"version-history":[{"count":2,"href":"https:\/\/cdu-beindersheim.de\/index.php?rest_route=\/wp\/v2\/posts\/356\/revisions"}],"predecessor-version":[{"id":370,"href":"https:\/\/cdu-beindersheim.de\/index.php?rest_route=\/wp\/v2\/posts\/356\/revisions\/370"}],"wp:featuredmedia":[{"embeddable":true,"href":"https:\/\/cdu-beindersheim.de\/index.php?rest_route=\/wp\/v2\/media\/214"}],"wp:attachment":[{"href":"https:\/\/cdu-beindersheim.de\/index.php?rest_route=%2Fwp%2Fv2%2Fmedia&parent=356"}],"wp:term":[{"taxonomy":"category","embeddable":true,"href":"https:\/\/cdu-beindersheim.de\/index.php?rest_route=%2Fwp%2Fv2%2Fcategories&post=356"},{"taxonomy":"post_tag","embeddable":true,"href":"https:\/\/cdu-beindersheim.de\/index.php?rest_route=%2Fwp%2Fv2%2Ftags&post=356"}],"curies":[{"name":"wp","href":"https:\/\/api.w.org\/{rel}","templated":true}]}}